[{"@context":"https:\/\/schema.org\/","@type":"Article","@id":"https:\/\/www.apdm.cz\/skrine-a-komody\/#Article","mainEntityOfPage":"https:\/\/www.apdm.cz\/skrine-a-komody\/","headline":"Sk\u0159\u00edn\u011b a komody","name":"Sk\u0159\u00edn\u011b a komody","description":"Na\u0161e firma si V\u00e1m dovoluje p\u0159edstavit svou nab\u00eddku. Nab\u00edz\u00edme n\u00e1bytek, kter\u00fd je v\u00fdjime\u010dn\u00fd d\u00edky sv\u00e9 \u00fa\u010delnosti, prakti\u010dnosti a kvalit\u011b. Vzhledem k tomu, \u017ee nikdo z n\u00e1s si u\u017e nedok\u00e1\u017ee p\u0159edstavit \u017eivot bez r\u016fzn\u00fdch sk\u0159\u00edn\u00ed, nejenom \u0161atn\u00edch, tvo\u0159\u00ed pr\u00e1v\u011b ony podstatnou sou\u010d\u00e1st na\u0161\u00ed nab\u00eddky. Pln\u00ed toti\u017e mnoho funkc\u00ed &#8211; organizuj\u00ed n\u00e1\u0161 \u0161atn\u00edk, jsou \u00falo\u017en\u00fdm prostorem a ... <a title=\"Sk\u0159\u00edn\u011b a komody\" class=\"read-more\" href=\"https:\/\/www.apdm.cz\/skrine-a-komody\/\">Read more<span class=\"screen-reader-text\">Sk\u0159\u00edn\u011b a komody<\/span><\/a>","datePublished":"2024-12-23","dateModified":"2024-12-23","author":{"@type":"Person","@id":"https:\/\/www.apdm.cz\/author\/#Person","name":"","url":"https:\/\/www.apdm.cz\/author\/","identifier":1,"image":{"@type":"ImageObject","@id":"https:\/\/secure.gravatar.com\/avatar\/4a857923b487546550539169ba61d16e7910c692fb61fb4681a6882b9bc918c0?s=96&d=mm&r=g","url":"https:\/\/secure.gravatar.com\/avatar\/4a857923b487546550539169ba61d16e7910c692fb61fb4681a6882b9bc918c0?s=96&d=mm&r=g","height":96,"width":96}},"publisher":{"@type":"Organization","name":"apdm.cz","logo":{"@type":"ImageObject","@id":"\/logo.png","url":"\/logo.png","width":600,"height":60}},"url":"https:\/\/www.apdm.cz\/skrine-a-komody\/","wordCount":202,"articleBody":"Na\u0161e firma si V\u00e1m dovoluje p\u0159edstavit svou nab\u00eddku. Nab\u00edz\u00edme n\u00e1bytek, kter\u00fd je v\u00fdjime\u010dn\u00fd d\u00edky sv\u00e9 \u00fa\u010delnosti, prakti\u010dnosti a kvalit\u011b. Vzhledem k tomu, \u017ee nikdo z n\u00e1s si u\u017e nedok\u00e1\u017ee p\u0159edstavit \u017eivot bez r\u016fzn\u00fdch sk\u0159\u00edn\u00ed, nejenom \u0161atn\u00edch, tvo\u0159\u00ed pr\u00e1v\u011b ony podstatnou sou\u010d\u00e1st na\u0161\u00ed nab\u00eddky. Pln\u00ed toti\u017e mnoho funkc\u00ed &#8211; organizuj\u00ed n\u00e1\u0161 \u0161atn\u00edk, jsou \u00falo\u017en\u00fdm prostorem a v neposledn\u00ed \u0159ad\u011b tak\u00e9 dotv\u00e1\u0159\u00ed celkov\u00fd dojem z prostoru a dan\u00e9ho pokoje. Praktick\u00e9 sk\u0159\u00edn\u011b Praktick\u00e9 sk\u0159\u00edn\u011b mus\u00ed spl\u0148ovat po\u017eadavky i t\u011bch nejn\u00e1ro\u010dn\u011bj\u0161\u00edch klient\u016f a z\u00e1kazn\u00edk\u016f. Ka\u017ed\u00fd \u010dlov\u011bk je v\u0161ak jin\u00fd a v\u0161ichni m\u00e1me jin\u00e9 n\u00e1roky a po\u017eadavky, proto pro V\u00e1s na\u0161e firma p\u0159ipravila velmi \u0161irok\u00fd v\u00fdb\u011br sk\u0159\u00edn\u00ed. Jejich vnit\u0159n\u00ed prostor je v z\u00e1vislosti na typu uspo\u0159\u00e1d\u00e1n r\u016fzn\u011b, proto si u n\u00e1s vybere opravdu ka\u017ed\u00fd. Abychom vyhov\u011bli i Va\u0161im barevn\u00fdm preferenc\u00edm, nab\u00edz\u00edme V\u00e1m tak\u00e9 v\u00fdb\u011br z r\u016fzn\u00fdch barevn\u00fdch proveden\u00ed.                                                                                                                                                                                                                                                                                                                                                                                        4.4\/5 - (5 votes)        "},{"@context":"https:\/\/schema.org\/","@type":"BreadcrumbList","itemListElement":[{"@type":"ListItem","position":1,"name":"Sk\u0159\u00edn\u011b a komody","item":"https:\/\/www.apdm.cz\/skrine-a-komody\/#breadcrumbitem"}]}]