[{"@context":"https:\/\/schema.org\/","@type":"Article","@id":"https:\/\/www.apdm.cz\/protahnete-cele-telo\/#Article","mainEntityOfPage":"https:\/\/www.apdm.cz\/protahnete-cele-telo\/","headline":"Prot\u00e1hn\u011bte cel\u00e9 t\u011blo","name":"Prot\u00e1hn\u011bte cel\u00e9 t\u011blo","description":"M\u00e1lo kdo, by vydr\u017eel sed\u011bt bez hnut\u00ed cel\u00e9 hodiny. Jednou za \u010das je vhodn\u00e9 vst\u00e1t a prot\u00e1hnout cel\u00e9 t\u011blo, aby se Va\u0161e z\u00e1da nefixovala p\u0159\u00edli\u0161 dlouho v jedn\u00e9 pozici. P\u0159edstavte si v\u0161ak, jak by bylo skv\u011bl\u00e9, kdybyste posilovali p\u0159\u00edmo p\u0159i sezen\u00ed? Pokud se V\u00e1m to zd\u00e1 nemo\u017en\u00e9, je na \u010dase vyzkou\u0161et dynamicko-sm\u011brov\u00fd pol\u0161t\u00e1\u0159. Cvi\u010dte, i ... <a title=\"Prot\u00e1hn\u011bte cel\u00e9 t\u011blo\" class=\"read-more\" href=\"https:\/\/www.apdm.cz\/protahnete-cele-telo\/\">Read more<span class=\"screen-reader-text\">Prot\u00e1hn\u011bte cel\u00e9 t\u011blo<\/span><\/a>","datePublished":"2025-02-28","dateModified":"2025-02-28","author":{"@type":"Person","@id":"https:\/\/www.apdm.cz\/author\/#Person","name":"","url":"https:\/\/www.apdm.cz\/author\/","identifier":1,"image":{"@type":"ImageObject","@id":"https:\/\/secure.gravatar.com\/avatar\/4a857923b487546550539169ba61d16e7910c692fb61fb4681a6882b9bc918c0?s=96&d=mm&r=g","url":"https:\/\/secure.gravatar.com\/avatar\/4a857923b487546550539169ba61d16e7910c692fb61fb4681a6882b9bc918c0?s=96&d=mm&r=g","height":96,"width":96}},"publisher":{"@type":"Organization","name":"apdm.cz","logo":{"@type":"ImageObject","@id":"\/logo.png","url":"\/logo.png","width":600,"height":60}},"url":"https:\/\/www.apdm.cz\/protahnete-cele-telo\/","wordCount":177,"articleBody":"M\u00e1lo kdo, by vydr\u017eel sed\u011bt bez hnut\u00ed cel\u00e9 hodiny. Jednou za \u010das je vhodn\u00e9 vst\u00e1t a prot\u00e1hnout cel\u00e9 t\u011blo, aby se Va\u0161e z\u00e1da nefixovala p\u0159\u00edli\u0161 dlouho v jedn\u00e9 pozici. P\u0159edstavte si v\u0161ak, jak by bylo skv\u011bl\u00e9, kdybyste posilovali p\u0159\u00edmo p\u0159i sezen\u00ed? Pokud se V\u00e1m to zd\u00e1 nemo\u017en\u00e9, je na \u010dase vyzkou\u0161et dynamicko-sm\u011brov\u00fd pol\u0161t\u00e1\u0159. Cvi\u010dte, i kdy\u017e zrovna sed\u00edte Velikou v\u00fdhodou je p\u0159edev\u0161\u00edm skute\u010dnost, \u017ee p\u0159esto\u017ee zrovna sed\u00edte, nemus\u00edte m\u00edt \u017e\u00e1dn\u00e9 v\u00fd\u010ditky sv\u011bdom\u00ed. D\u00edky speci\u00e1ln\u00edmu pol\u0161t\u00e1\u0159ku m\u016f\u017eete dos\u00e1hnout skv\u011bl\u00fdch v\u00fdsledk\u016f p\u0159i formov\u00e1n\u00ed t\u011bla pr\u00e1v\u011b t\u00edm, \u017ee budete dr\u017eet stabilitu a pevn\u00e9 dr\u017een\u00ed cel\u00e9ho t\u011bla. Za to V\u00e1m pod\u011bkuj\u00ed nejenom jednotliv\u00e9 svaly, kter\u00e9 budou znateln\u011b pos\u00edlen\u00e9, ale tak\u00e9 p\u00e1te\u0159, kter\u00e1 V\u00e1s kone\u010dn\u011b p\u0159estane tr\u00e1pit neust\u00e1vaj\u00edc\u00edmi bolestmi zad.                                                                                                                                                                                                                                                                                                                                                                                                "},{"@context":"https:\/\/schema.org\/","@type":"BreadcrumbList","itemListElement":[{"@type":"ListItem","position":1,"name":"Prot\u00e1hn\u011bte cel\u00e9 t\u011blo","item":"https:\/\/www.apdm.cz\/protahnete-cele-telo\/#breadcrumbitem"}]}]